{"id":81392,"date":"2022-09-14T15:51:42","date_gmt":"2022-09-14T22:51:42","guid":{"rendered":"https:\/\/plataformanoticias.mx\/?p=81392"},"modified":"2022-09-14T15:51:43","modified_gmt":"2022-09-14T22:51:43","slug":"el-gobierno-municipal-buscara-un-mecanismo-para-el-deposito-del-fondo-de-vivienda-a-sindicalizados","status":"publish","type":"post","link":"https:\/\/plataformanoticias.mx\/?p=81392","title":{"rendered":"El gobierno municipal buscar\u00e1 un mecanismo para el dep\u00f3sito del fondo de vivienda a sindicalizados"},"content":{"rendered":"\n<p><\/p>\n\n\n\n<p>Entre hoy y ma\u00f1ana se restituir\u00e1 en la cuenta del trabajador la retenci\u00f3n que se hizo en la quincena<\/p>\n\n\n\n<p>Autoridades municipales llegaron a un acuerdo con representantes del STASAG para reintegrar a la cuenta de los trabajadores, la retenci\u00f3n del fondo de vivienda que se aplic\u00f3 esta quincena, con el compromiso de que se habr\u00e1 de buscar con los sindicalizados, un mecanismo adecuado para los dep\u00f3sitos y las retenciones de este recurso, en las pr\u00f3ximas quincenas. <br>\nAd\u00e1n Camacho G\u00e1mez, secretario del Ayuntamiento, expres\u00f3 que el alcalde Mart\u00edn Ahumada Quintero, es muy respetuoso de los derechos de los trabajadores, por lo que la propuesta es instalar la pr\u00f3xima semana una mesa de trabajo para analizar este tema con el sindicato. <br>\nEl tesorero municipal Marco Antonio B\u00e1ez Roch\u00edn inform\u00f3 que el acuerdo es reintegrar este dinero a los trabajadores entre hoy y ma\u00f1ana, en el \u00e1nimo de evitar un conflicto laboral, pero aclar\u00f3 que en ning\u00fan momento se transfiri\u00f3 este recurso a la cuenta del otro sindicato. <br>\nSe\u00f1al\u00f3 que el fondo se dej\u00f3 de retener al trabajador desde la otra administraci\u00f3n, pero lo que se busca es aplicar un procedimiento correcto, para que este dinero, efectivamente se destine a lo que est\u00e1 concebido, en apoyo a la vivienda de los sindicalizados. <br>\nLos representantes del STASAG y que participaron en la reuni\u00f3n aceptaron la propuesta para sentarse a dialogar con el gobierno municipal.<\/p>\n","protected":false},"excerpt":{"rendered":"<p>Entre hoy y ma\u00f1ana se restituir\u00e1 en la cuenta del trabajador la retenci\u00f3n que se hizo en la quincena Autoridades municipales llegaron a un acuerdo con representantes del STASAG para reintegrar a la cuenta de los trabajadores, la retenci\u00f3n del fondo de vivienda que se aplic\u00f3 esta quincena, con el compromiso de que se habr\u00e1<\/p>\n","protected":false},"author":6,"featured_media":81394,"comment_status":"closed","ping_status":"closed","sticky":false,"template":"","format":"standard","meta":{"footnotes":""},"categories":[27],"tags":[],"class_list":["post-81392","post","type-post","status-publish","format-standard","has-post-thumbnail","hentry","category-norte"],"_links":{"self":[{"href":"https:\/\/plataformanoticias.mx\/index.php?rest_route=\/wp\/v2\/posts\/81392","targetHints":{"allow":["GET"]}}],"collection":[{"href":"https:\/\/plataformanoticias.mx\/index.php?rest_route=\/wp\/v2\/posts"}],"about":[{"href":"https:\/\/plataformanoticias.mx\/index.php?rest_route=\/wp\/v2\/types\/post"}],"author":[{"embeddable":true,"href":"https:\/\/plataformanoticias.mx\/index.php?rest_route=\/wp\/v2\/users\/6"}],"replies":[{"embeddable":true,"href":"https:\/\/plataformanoticias.mx\/index.php?rest_route=%2Fwp%2Fv2%2Fcomments&post=81392"}],"version-history":[{"count":1,"href":"https:\/\/plataformanoticias.mx\/index.php?rest_route=\/wp\/v2\/posts\/81392\/revisions"}],"predecessor-version":[{"id":81395,"href":"https:\/\/plataformanoticias.mx\/index.php?rest_route=\/wp\/v2\/posts\/81392\/revisions\/81395"}],"wp:featuredmedia":[{"embeddable":true,"href":"https:\/\/plataformanoticias.mx\/index.php?rest_route=\/wp\/v2\/media\/81394"}],"wp:attachment":[{"href":"https:\/\/plataformanoticias.mx\/index.php?rest_route=%2Fwp%2Fv2%2Fmedia&parent=81392"}],"wp:term":[{"taxonomy":"category","embeddable":true,"href":"https:\/\/plataformanoticias.mx\/index.php?rest_route=%2Fwp%2Fv2%2Fcategories&post=81392"},{"taxonomy":"post_tag","embeddable":true,"href":"https:\/\/plataformanoticias.mx\/index.php?rest_route=%2Fwp%2Fv2%2Ftags&post=81392"}],"curies":[{"name":"wp","href":"https:\/\/api.w.org\/{rel}","templated":true}]}}