{"id":81401,"date":"2022-09-14T15:55:46","date_gmt":"2022-09-14T22:55:46","guid":{"rendered":"https:\/\/plataformanoticias.mx\/?p=81401"},"modified":"2022-09-14T15:55:47","modified_gmt":"2022-09-14T22:55:47","slug":"convoca-ayuntamiento-a-eleccion-de-comisarios-municipales","status":"publish","type":"post","link":"https:\/\/plataformanoticias.mx\/?p=81401","title":{"rendered":"Convoca Ayuntamiento a elecci\u00f3n de comisarios municipales."},"content":{"rendered":"\n<p><strong><em>*<\/em><\/strong><strong><em>El registro es del 19 al 25 de septiembre; habr\u00e1 una semana posterior de proselitismo del 26 de septiembre al 2 de octubre, y despu\u00e9s una semana de asambleas de consulta y elecci\u00f3n libre y abierta a las comunidades participantes del 3 al 9 de octubre\u2026<\/em><\/strong><\/p>\n\n\n\n<p><strong>Los Mochis,\u00a0Ahome, Sinaloa.-\u00a0<\/strong>El Ayuntamiento de Ahome abri\u00f3 la convocatoria para la selecci\u00f3n de comisarios municipales en lascomunidades rurales de las sindicaturas, por lo que la comisi\u00f3n de Gobernaci\u00f3n del Cabildo ofreci\u00f3\u00a0conferencia de prensa para dar a conocer las\u00a0bases de participaci\u00f3n e invitar a los ciudadanos\u00a0interesados\u00a0a\u00a0inscribirse en el proceso.<\/p>\n\n\n\n<p>Correspondi\u00f3 al regidor Antonio Men\u00e9ndez del Llano Berm\u00fadez dar a conocer la informaci\u00f3n, acompa\u00f1ado de los ediles Pedro Ceballos y Angelina Valenzuela, quienes&nbsp;garantizaron que ser\u00e1 una elecci\u00f3n libre, democr\u00e1tica y segura.<\/p>\n\n\n\n<p>En\u00a0la\u00a0Sindicatura de Ahome\u00a0el\u00a0registro es del 19 al 23 de septiembre\u00a0y\u00a0la asamblea\u00a0de consulta\u00a0el 3 de octubre a las 3 y 6 de la tarde; Sindicatura de Topolobampo,\u00a0registro\u00a0del\u00a019 al 23 de septiembre\u00a0y\u00a0consulta el 9 de octubre a las 9 y 12 horas; Sindicatura Central,\u00a0registro del 20 al 24 de septiembre y asamblea de consulta los d\u00edas 4 y 5 de octubre a las 3 y 6 de la tarde; Sindicatura El Guayabo,\u00a0registro del 20 al 24 de septiembre y consulta el 3 de octubre a las 3 y 6 de la tarde; Sindicatura El Carrizo,\u00a0registro los d\u00edas 21 al 25 de septiembre\u00a0y\u00a0asamblea el\u00a0d\u00eda 8 de octubre a las 3 y 6 de la tarde; Sindicatura Higuera de Zaragoza,\u00a0registro del 21 al 25 de septiembre y consulta los d\u00edas 7 y 8 de octubre a las 3 y a las 6 de la tarde; Sindicatura San Miguel, registro del 21 al 25 de septiembre y consulta el 6 de octubre a las 3 y 6 de la tarde.<img loading=\"lazy\" decoding=\"async\" width=\"1280\" height=\"853\" class=\"wp-image-81403\" style=\"width: 650px\" src=\"https:\/\/plataformanoticias.mx\/wp-content\/uploads\/2022\/09\/BDE3C772-0530-4B5C-BEAF-8DFA403B4007.jpeg\" alt=\"\" srcset=\"https:\/\/plataformanoticias.mx\/wp-content\/uploads\/2022\/09\/BDE3C772-0530-4B5C-BEAF-8DFA403B4007.jpeg 1280w, https:\/\/plataformanoticias.mx\/wp-content\/uploads\/2022\/09\/BDE3C772-0530-4B5C-BEAF-8DFA403B4007-300x200.jpeg 300w, https:\/\/plataformanoticias.mx\/wp-content\/uploads\/2022\/09\/BDE3C772-0530-4B5C-BEAF-8DFA403B4007-1024x682.jpeg 1024w, https:\/\/plataformanoticias.mx\/wp-content\/uploads\/2022\/09\/BDE3C772-0530-4B5C-BEAF-8DFA403B4007-768x512.jpeg 768w\" sizes=\"auto, (max-width: 1280px) 100vw, 1280px\" \/><\/p>\n\n\n\n<p>Los aspirantes deber\u00e1n presentar solicitud por escrito, con&nbsp;el&nbsp;aval y apoyo de por lo menos 50 firmas de vecinos, anexando credencial de elector.<\/p>\n\n\n\n<p>Los&nbsp;horarios&nbsp;de registro son de 8 de la ma\u00f1ana a 4 de la tarde de lunes a viernes, y de 9 de la ma\u00f1ana a 1 de la tarde el s\u00e1bado y domingo, en la&nbsp;oficina&nbsp;de la comisi\u00f3n de Gobernaci\u00f3n&nbsp;en la planta alta de Palacio Municipal.<\/p>\n\n\n\n<p>Las asambleas de consulta se realizar\u00e1n en sitos p\u00fablicos de las comunidades participantes&nbsp;y la&nbsp;convocatoria ser\u00e1 expuesta en sitios p\u00fablicos de las sindicaturas&nbsp;ycomunidades,&nbsp;para conocimiento de la poblaci\u00f3n.<\/p>\n\n\n\n<p>Queda prohibida la participaci\u00f3n y proselitismo de s\u00edndicos municipales, regidores, funcionarios y trabajadores del Ayuntamiento, as\u00ed como de los partidos pol\u00edticos.<\/p>\n","protected":false},"excerpt":{"rendered":"<p>*El registro es del 19 al 25 de septiembre; habr\u00e1 una semana posterior de proselitismo del 26 de septiembre al 2 de octubre, y despu\u00e9s una semana de asambleas de consulta y elecci\u00f3n libre y abierta a las comunidades participantes del 3 al 9 de octubre\u2026 Los Mochis,\u00a0Ahome, Sinaloa.-\u00a0El Ayuntamiento de Ahome abri\u00f3 la convocatoria<\/p>\n","protected":false},"author":6,"featured_media":81404,"comment_status":"closed","ping_status":"closed","sticky":false,"template":"","format":"standard","meta":{"footnotes":""},"categories":[38],"tags":[],"class_list":["post-81401","post","type-post","status-publish","format-standard","has-post-thumbnail","hentry","category-locales"],"_links":{"self":[{"href":"https:\/\/plataformanoticias.mx\/index.php?rest_route=\/wp\/v2\/posts\/81401","targetHints":{"allow":["GET"]}}],"collection":[{"href":"https:\/\/plataformanoticias.mx\/index.php?rest_route=\/wp\/v2\/posts"}],"about":[{"href":"https:\/\/plataformanoticias.mx\/index.php?rest_route=\/wp\/v2\/types\/post"}],"author":[{"embeddable":true,"href":"https:\/\/plataformanoticias.mx\/index.php?rest_route=\/wp\/v2\/users\/6"}],"replies":[{"embeddable":true,"href":"https:\/\/plataformanoticias.mx\/index.php?rest_route=%2Fwp%2Fv2%2Fcomments&post=81401"}],"version-history":[{"count":1,"href":"https:\/\/plataformanoticias.mx\/index.php?rest_route=\/wp\/v2\/posts\/81401\/revisions"}],"predecessor-version":[{"id":81405,"href":"https:\/\/plataformanoticias.mx\/index.php?rest_route=\/wp\/v2\/posts\/81401\/revisions\/81405"}],"wp:featuredmedia":[{"embeddable":true,"href":"https:\/\/plataformanoticias.mx\/index.php?rest_route=\/wp\/v2\/media\/81404"}],"wp:attachment":[{"href":"https:\/\/plataformanoticias.mx\/index.php?rest_route=%2Fwp%2Fv2%2Fmedia&parent=81401"}],"wp:term":[{"taxonomy":"category","embeddable":true,"href":"https:\/\/plataformanoticias.mx\/index.php?rest_route=%2Fwp%2Fv2%2Fcategories&post=81401"},{"taxonomy":"post_tag","embeddable":true,"href":"https:\/\/plataformanoticias.mx\/index.php?rest_route=%2Fwp%2Fv2%2Ftags&post=81401"}],"curies":[{"name":"wp","href":"https:\/\/api.w.org\/{rel}","templated":true}]}}