{"id":81406,"date":"2022-09-14T15:57:47","date_gmt":"2022-09-14T22:57:47","guid":{"rendered":"https:\/\/plataformanoticias.mx\/?p=81406"},"modified":"2022-09-14T15:57:48","modified_gmt":"2022-09-14T22:57:48","slug":"gobierno-municipal-inicia-obra-pluvial-en-el-cerro-de-la-memoria","status":"publish","type":"post","link":"https:\/\/plataformanoticias.mx\/?p=81406","title":{"rendered":"Gobierno Municipal inicia obra pluvial en el Cerro de la Memoria."},"content":{"rendered":"\n<p><strong><em>*<\/em><\/strong><strong><em>Jaime Romero Barrera<\/em><\/strong><strong><em>,&nbsp;<\/em><\/strong><strong><em>Secretario de Obras P\u00fablicas, Urbanismo y Ecolog\u00eda<\/em><\/strong><strong><em>, explic\u00f3 que el objetivo es&nbsp;<\/em><\/strong><strong><em>evitar las inundaciones en las colonias aleda\u00f1as<\/em><\/strong><strong><em>\u2026<\/em><\/strong><\/p>\n\n\n\n<p><strong>Los Mochis, Ahome, Sinaloa.-\u00a0<\/strong>Para evitar las inundaciones en las colonias aleda\u00f1as al Cerro de la Memoria, el Gobierno Municipal, con apoyo de Gobierno del Estado, inici\u00f3 con la primera\u00a0etapa\u00a0del proyecto \u201cDesincorporaci\u00f3n y desalojo de las aguas pluviales\u201d\u00a0en este icono de la ciudad de Los Mochis.<\/p>\n\n\n\n<p>Para detallar dicha obra estuvieron presentes&nbsp;Jaime Romero Barrera,&nbsp;Secretario de Obras P\u00fablicas, Urbanismo y Ecolog\u00eda;&nbsp;Luis Carlos Lara Damken,&nbsp;Director del Instituto Municipal de Planeaci\u00f3n de Ahome;&nbsp;Ra\u00fal P\u00e9rez Miranda,&nbsp;Gerencia General de la Junta de Agua Potable y Alcantarillado del Municipio de Ahome (JAPAMA);&nbsp;as\u00ed como&nbsp;Manuel de Jes\u00fas Pellegrini Cervantes, especialista en Dise\u00f1o Estructural y C\u00e1lculo Hidr\u00e1ulico, quien present\u00f3 el proyecto.<\/p>\n\n\n\n<p>Jaime Romero&nbsp;explic\u00f3 que estos trabajos vienen a resolver una problem\u00e1tica de a\u00f1os en aproximadamente 10 colonias&nbsp;colindantes con el&nbsp;Cerro de la Memoria, con lo que se busca evitar que se generen inundaciones con las lluvias, ya que el agua acarrea lodo que llega a drenajes, alcantarillas y bocas de tormentas.<\/p>\n\n\n\n<p>\u201cLa instrucci\u00f3n que tenemos, tanto del se\u00f1or Gobernador, Rub\u00e9n Rocha, y de nuestro Presidente, Gerardo Vargas, es que todos los trabajos, todas las obras que estemos realizando en este municipio es para dar un beneficio y mejora a los habitantes\u201d, expres\u00f3 el Romero Barrera.<\/p>\n\n\n\n<p>Detall\u00f3 que se trata de una obra con una inversi\u00f3n, en su primera etapa, de 14 millones de pesos aproximadamente, recurso que llega del Gobierno del Estado de Sinaloa, mientras que la segunda etapa tendr\u00e1 una inversi\u00f3n similar.<\/p>\n\n\n\n<p>Agreg\u00f3 que los trabajos en esta primera etapa podr\u00edan durar aproximadamente tres meses.<\/p>\n\n\n\n<p>Por su parte\u00a0Ra\u00fal P\u00e9rez Miranda,\u00a0Gerencia General de\u00a0JAPAMA, puntualiz\u00f3 que entre las colonias que se ver\u00e1n beneficiadas est\u00e1 la Magisterial, donde ya se cuenta con un c\u00e1rcamo, el cual fue una soluci\u00f3n provisional,\u00a0y que este\u00a0proyecto vendr\u00eda a resolver el 50 por ciento del agua que se acumula en esa zona.<img loading=\"lazy\" decoding=\"async\" width=\"1280\" height=\"855\" class=\"wp-image-81408\" style=\"width: 650px\" src=\"https:\/\/plataformanoticias.mx\/wp-content\/uploads\/2022\/09\/59F8B64D-9097-4704-B5E8-944E6306B2EA.jpeg\" alt=\"\" srcset=\"https:\/\/plataformanoticias.mx\/wp-content\/uploads\/2022\/09\/59F8B64D-9097-4704-B5E8-944E6306B2EA.jpeg 1280w, https:\/\/plataformanoticias.mx\/wp-content\/uploads\/2022\/09\/59F8B64D-9097-4704-B5E8-944E6306B2EA-300x200.jpeg 300w, https:\/\/plataformanoticias.mx\/wp-content\/uploads\/2022\/09\/59F8B64D-9097-4704-B5E8-944E6306B2EA-1024x684.jpeg 1024w, https:\/\/plataformanoticias.mx\/wp-content\/uploads\/2022\/09\/59F8B64D-9097-4704-B5E8-944E6306B2EA-768x513.jpeg 768w\" sizes=\"auto, (max-width: 1280px) 100vw, 1280px\" \/><\/p>\n\n\n\n<p>Luis Carlos Lara Damken,&nbsp;Director del Instituto Municipal de Planeaci\u00f3n de Ahome, inform\u00f3 que la obra vendr\u00e1 a resolver un problema que no es nuevo, ya que desde el 2013 viene marcado como uno de los puntos con afectaciones.<\/p>\n\n\n\n<p>Destac\u00f3 que la instrucci\u00f3n es priorizar la protecci\u00f3n de las personas y su patrimonio, y en este contexto la propuesta del proyecto contempla la mitigaci\u00f3n posterior a la obra, toda vez que las lluvias por si solas ocasionan erosi\u00f3n en el suelo del Cerro de la Memoria.<\/p>\n\n\n\n<p>El especialista&nbsp;Manuel de Jes\u00fas Pellegrini&nbsp;explic\u00f3 que en esta primera etapa se busca dividir el agua que cae en el Cerro de la Memoria, lo que ayudar\u00e1 a que los casi 5 mil litros por segundo que&nbsp;se captan en esa \u00e1rea, de aproximadamente 62 hect\u00e1reas, poco m\u00e1s de 2 mil litros sean&nbsp;canalizados y&nbsp;desviados&nbsp;hacia el dren&nbsp;de donde salen las aguas de la Planta Potabilizadora R\u00edo&nbsp;Fuerte.<\/p>\n\n\n\n<p>Dijo que el agua pasar\u00e1 por canaletas y&nbsp;rejillas,&nbsp;y en un punto se depositar\u00e1n las partes m\u00e1s gruesas que se est\u00e9n arrastrando como piedras y azolves pesados, y el resto ser\u00e1 conducido por tuber\u00eda al dren.<\/p>\n\n\n\n<p>Agreg\u00f3 que en la segunda etapa el agua se desviar\u00e1 al colector de Justicia&nbsp;Social.<\/p>\n","protected":false},"excerpt":{"rendered":"<p>*Jaime Romero Barrera,&nbsp;Secretario de Obras P\u00fablicas, Urbanismo y Ecolog\u00eda, explic\u00f3 que el objetivo es&nbsp;evitar las inundaciones en las colonias aleda\u00f1as\u2026 Los Mochis, Ahome, Sinaloa.-\u00a0Para evitar las inundaciones en las colonias aleda\u00f1as al Cerro de la Memoria, el Gobierno Municipal, con apoyo de Gobierno del Estado, inici\u00f3 con la primera\u00a0etapa\u00a0del proyecto \u201cDesincorporaci\u00f3n y desalojo de las<\/p>\n","protected":false},"author":6,"featured_media":81409,"comment_status":"closed","ping_status":"closed","sticky":false,"template":"","format":"standard","meta":{"footnotes":""},"categories":[38],"tags":[],"class_list":["post-81406","post","type-post","status-publish","format-standard","has-post-thumbnail","hentry","category-locales"],"_links":{"self":[{"href":"https:\/\/plataformanoticias.mx\/index.php?rest_route=\/wp\/v2\/posts\/81406","targetHints":{"allow":["GET"]}}],"collection":[{"href":"https:\/\/plataformanoticias.mx\/index.php?rest_route=\/wp\/v2\/posts"}],"about":[{"href":"https:\/\/plataformanoticias.mx\/index.php?rest_route=\/wp\/v2\/types\/post"}],"author":[{"embeddable":true,"href":"https:\/\/plataformanoticias.mx\/index.php?rest_route=\/wp\/v2\/users\/6"}],"replies":[{"embeddable":true,"href":"https:\/\/plataformanoticias.mx\/index.php?rest_route=%2Fwp%2Fv2%2Fcomments&post=81406"}],"version-history":[{"count":1,"href":"https:\/\/plataformanoticias.mx\/index.php?rest_route=\/wp\/v2\/posts\/81406\/revisions"}],"predecessor-version":[{"id":81410,"href":"https:\/\/plataformanoticias.mx\/index.php?rest_route=\/wp\/v2\/posts\/81406\/revisions\/81410"}],"wp:featuredmedia":[{"embeddable":true,"href":"https:\/\/plataformanoticias.mx\/index.php?rest_route=\/wp\/v2\/media\/81409"}],"wp:attachment":[{"href":"https:\/\/plataformanoticias.mx\/index.php?rest_route=%2Fwp%2Fv2%2Fmedia&parent=81406"}],"wp:term":[{"taxonomy":"category","embeddable":true,"href":"https:\/\/plataformanoticias.mx\/index.php?rest_route=%2Fwp%2Fv2%2Fcategories&post=81406"},{"taxonomy":"post_tag","embeddable":true,"href":"https:\/\/plataformanoticias.mx\/index.php?rest_route=%2Fwp%2Fv2%2Ftags&post=81406"}],"curies":[{"name":"wp","href":"https:\/\/api.w.org\/{rel}","templated":true}]}}