{"id":81420,"date":"2022-09-15T06:23:35","date_gmt":"2022-09-15T13:23:35","guid":{"rendered":"https:\/\/plataformanoticias.mx\/?p=81420"},"modified":"2022-09-15T06:23:36","modified_gmt":"2022-09-15T13:23:36","slug":"aprehenden-a-probable-responsable-de-muerte-de-nino-en-los-mochis","status":"publish","type":"post","link":"https:\/\/plataformanoticias.mx\/?p=81420","title":{"rendered":"Aprehenden a probable responsable de muerte de ni\u00f1o en Los Mochis"},"content":{"rendered":"\n<p><br> La orden de aprehensi\u00f3n se ejecut\u00f3 la noche de este jueves y este d\u00eda tendr\u00e1 audiencia inicial: FGE<\/p>\n\n\n\n<p><strong>Los Mochis, Ahome, Sinaloa.- L<\/strong>a Fiscal\u00eda General del Estado de Sinaloa ejecut\u00f3 orden de aprehensi\u00f3n   en contra de Juan Carlos \u201cN\u201d,  como probable responsable del delito de homicidio calificado con ventaja y crueldad cometido  en contra de un menor de edad, con resguardo de identidad.<br> La orden fue librada en horas de la noche de este miercoles y fue ejecutada por elementos de la Polic\u00eda de Investigaci\u00f3n zona Norte,   quienes pusieron a disposici\u00f3n del Juez al sujeto, a  quien esta ma\u00f1ana a las 10 horas ser\u00e1 llevado a audiencia inicial.<br> Los hechos por los que Juan Carlos \u201cN\u201d, fue detenido ocurrieron el pasado lunes cuando se report\u00f3 a las autoridades el fallecimiento de un ni\u00f1o de escaso un a\u00f1o de edad en el hospital del IMSS en Los Mochis, a consecuencia de traumatismo craneoencef\u00e1lico y golpes contusos en t\u00f3rax y abdomen.<br> A ra\u00edz de esto se inici\u00f3 una carpeta de investigaci\u00f3n por parte de personal del Ministerio P\u00fablico de la Vicefiscal\u00eda zona Norte, quien obtuvo los datos de prueba suficientes para fincar la probable responsabilidad del hoy detenido.<br> Este jueves a las 10 horas se celebrar\u00e1 audiencia inicial en el Sede Regional de Justicia Penal Acusatoria y Oral Zona Norte donde se formular\u00e1 imputaci\u00f3n contra el sujeto, y se solicitar\u00e1 su vinculaci\u00f3n a proceso.<\/p>\n","protected":false},"excerpt":{"rendered":"<p>La orden de aprehensi\u00f3n se ejecut\u00f3 la noche de este jueves y este d\u00eda tendr\u00e1 audiencia inicial: FGE Los Mochis, Ahome, Sinaloa.- La Fiscal\u00eda General del Estado de Sinaloa ejecut\u00f3 orden de aprehensi\u00f3n en contra de Juan Carlos \u201cN\u201d, como probable responsable del delito de homicidio calificado con ventaja y crueldad cometido en contra de<\/p>\n","protected":false},"author":6,"featured_media":81422,"comment_status":"closed","ping_status":"closed","sticky":false,"template":"","format":"standard","meta":{"footnotes":""},"categories":[38],"tags":[],"class_list":["post-81420","post","type-post","status-publish","format-standard","has-post-thumbnail","hentry","category-locales"],"_links":{"self":[{"href":"https:\/\/plataformanoticias.mx\/index.php?rest_route=\/wp\/v2\/posts\/81420","targetHints":{"allow":["GET"]}}],"collection":[{"href":"https:\/\/plataformanoticias.mx\/index.php?rest_route=\/wp\/v2\/posts"}],"about":[{"href":"https:\/\/plataformanoticias.mx\/index.php?rest_route=\/wp\/v2\/types\/post"}],"author":[{"embeddable":true,"href":"https:\/\/plataformanoticias.mx\/index.php?rest_route=\/wp\/v2\/users\/6"}],"replies":[{"embeddable":true,"href":"https:\/\/plataformanoticias.mx\/index.php?rest_route=%2Fwp%2Fv2%2Fcomments&post=81420"}],"version-history":[{"count":1,"href":"https:\/\/plataformanoticias.mx\/index.php?rest_route=\/wp\/v2\/posts\/81420\/revisions"}],"predecessor-version":[{"id":81423,"href":"https:\/\/plataformanoticias.mx\/index.php?rest_route=\/wp\/v2\/posts\/81420\/revisions\/81423"}],"wp:featuredmedia":[{"embeddable":true,"href":"https:\/\/plataformanoticias.mx\/index.php?rest_route=\/wp\/v2\/media\/81422"}],"wp:attachment":[{"href":"https:\/\/plataformanoticias.mx\/index.php?rest_route=%2Fwp%2Fv2%2Fmedia&parent=81420"}],"wp:term":[{"taxonomy":"category","embeddable":true,"href":"https:\/\/plataformanoticias.mx\/index.php?rest_route=%2Fwp%2Fv2%2Fcategories&post=81420"},{"taxonomy":"post_tag","embeddable":true,"href":"https:\/\/plataformanoticias.mx\/index.php?rest_route=%2Fwp%2Fv2%2Ftags&post=81420"}],"curies":[{"name":"wp","href":"https:\/\/api.w.org\/{rel}","templated":true}]}}