{"id":81434,"date":"2022-09-15T12:53:13","date_gmt":"2022-09-15T19:53:13","guid":{"rendered":"https:\/\/plataformanoticias.mx\/?p=81434"},"modified":"2022-09-15T12:53:14","modified_gmt":"2022-09-15T19:53:14","slug":"servicio-de-recoleccion-de-basura-sera-suspendido-este-viernes-reanudan-el-sabado","status":"publish","type":"post","link":"https:\/\/plataformanoticias.mx\/?p=81434","title":{"rendered":"Servicio de recolecci\u00f3n de basura ser\u00e1 suspendido este viernes; reanudan el s\u00e1bado."},"content":{"rendered":"\n<p><strong><em>*<\/em><\/strong><strong><em>Feliciano Garc\u00eda Mendoza<\/em><\/strong><strong><em>,&nbsp;<\/em><\/strong><strong><em>Director de Servicios P\u00fablicos<\/em><\/strong><strong><em>,&nbsp;<\/em><\/strong><strong><em>hizo un llamado a la ciudadan\u00eda para que eviten sacar desperdicios a las calles<\/em><\/strong><strong><em>\u2026<\/em><\/strong><\/p>\n\n\n\n<p><strong>Los Mochis, Ahome, Sinaloa.-\u00a0<\/strong>El servicio de recolecci\u00f3n de basura en el municipio de Ahome se suspender\u00e1 este pr\u00f3ximo viernes 16 de septiembre,\u00a0y reanuda\u00a0el s\u00e1bado 17, inform\u00f3\u00a0Feliciano Garc\u00eda Mendoza,\u00a0Director de Servicios P\u00fablicos.<\/p>\n\n\n\n<p>Explic\u00f3 que es&nbsp;uno de los d\u00edas en que la empresa encargada de esta tarea deja de laborar,&nbsp;y&nbsp;es muy importante que la ciudadan\u00eda no saque su basura.<\/p>\n\n\n\n<p>\u201cNo saquen la basura ahorita, que nos esperen al s\u00e1bado a sacar la basura, el s\u00e1bado van a reanudar ellos su servicio, ma\u00f1ana es uno de los d\u00edas, de los cuatro, cinco d\u00edas del a\u00f1o en que la basura no se recoge\u201d, expres\u00f3 Feliciano Garc\u00eda.<\/p>\n\n\n\n<p>El funcionario puntualiz\u00f3 que los espacios p\u00fablicos no quedar\u00e1n abandonados toda vez que es el personal del Ayuntamiento de Ahome el encargado de realizar la limpieza, adem\u00e1s de que en el centro de la ciudad tambi\u00e9n se realizar\u00e1 la recolecci\u00f3n de basura.<\/p>\n\n\n\n<p>Otro de los puntos en los que se realizar\u00e1 la limpieza es el malec\u00f3n de Topolobampo, ya que es una zona de paseo.<\/p>\n\n\n\n<p>Subray\u00f3 que si bien el s\u00e1bado se reanuda el servicio de la recolecci\u00f3n de basura, este se har\u00e1 conforme a lo programado, es decir, en algunos casos pasar\u00e1 hasta el d\u00eda lunes,&nbsp;y&nbsp;recalc\u00f3&nbsp;que&nbsp;es muy importante que la ciudadan\u00eda no saque la basura&nbsp;los&nbsp;d\u00edas&nbsp;que el cami\u00f3n recolector no pasar\u00e1 en su sector.<\/p>\n\n\n\n<p>En cuanto a los bulevares que presentan un incremento de maleza derivado de las lluvias,&nbsp;Feliciano Garc\u00eda&nbsp;inform\u00f3 que ya realizan labores de limpieza en diversos camellones.<\/p>\n","protected":false},"excerpt":{"rendered":"<p>*Feliciano Garc\u00eda Mendoza,&nbsp;Director de Servicios P\u00fablicos,&nbsp;hizo un llamado a la ciudadan\u00eda para que eviten sacar desperdicios a las calles\u2026 Los Mochis, Ahome, Sinaloa.-\u00a0El servicio de recolecci\u00f3n de basura en el municipio de Ahome se suspender\u00e1 este pr\u00f3ximo viernes 16 de septiembre,\u00a0y reanuda\u00a0el s\u00e1bado 17, inform\u00f3\u00a0Feliciano Garc\u00eda Mendoza,\u00a0Director de Servicios P\u00fablicos. Explic\u00f3 que es&nbsp;uno de los<\/p>\n","protected":false},"author":6,"featured_media":81436,"comment_status":"closed","ping_status":"closed","sticky":false,"template":"","format":"standard","meta":{"footnotes":""},"categories":[38],"tags":[],"class_list":["post-81434","post","type-post","status-publish","format-standard","has-post-thumbnail","hentry","category-locales"],"_links":{"self":[{"href":"https:\/\/plataformanoticias.mx\/index.php?rest_route=\/wp\/v2\/posts\/81434","targetHints":{"allow":["GET"]}}],"collection":[{"href":"https:\/\/plataformanoticias.mx\/index.php?rest_route=\/wp\/v2\/posts"}],"about":[{"href":"https:\/\/plataformanoticias.mx\/index.php?rest_route=\/wp\/v2\/types\/post"}],"author":[{"embeddable":true,"href":"https:\/\/plataformanoticias.mx\/index.php?rest_route=\/wp\/v2\/users\/6"}],"replies":[{"embeddable":true,"href":"https:\/\/plataformanoticias.mx\/index.php?rest_route=%2Fwp%2Fv2%2Fcomments&post=81434"}],"version-history":[{"count":1,"href":"https:\/\/plataformanoticias.mx\/index.php?rest_route=\/wp\/v2\/posts\/81434\/revisions"}],"predecessor-version":[{"id":81437,"href":"https:\/\/plataformanoticias.mx\/index.php?rest_route=\/wp\/v2\/posts\/81434\/revisions\/81437"}],"wp:featuredmedia":[{"embeddable":true,"href":"https:\/\/plataformanoticias.mx\/index.php?rest_route=\/wp\/v2\/media\/81436"}],"wp:attachment":[{"href":"https:\/\/plataformanoticias.mx\/index.php?rest_route=%2Fwp%2Fv2%2Fmedia&parent=81434"}],"wp:term":[{"taxonomy":"category","embeddable":true,"href":"https:\/\/plataformanoticias.mx\/index.php?rest_route=%2Fwp%2Fv2%2Fcategories&post=81434"},{"taxonomy":"post_tag","embeddable":true,"href":"https:\/\/plataformanoticias.mx\/index.php?rest_route=%2Fwp%2Fv2%2Ftags&post=81434"}],"curies":[{"name":"wp","href":"https:\/\/api.w.org\/{rel}","templated":true}]}}