{"id":81438,"date":"2022-09-15T13:11:10","date_gmt":"2022-09-15T20:11:10","guid":{"rendered":"https:\/\/plataformanoticias.mx\/?p=81438"},"modified":"2022-09-15T13:11:11","modified_gmt":"2022-09-15T20:11:11","slug":"realizan-autoridades-ceremonia-civica-por-el-212-aniversario-del-inicio-del-movimiento-de-independencia-de-mexico","status":"publish","type":"post","link":"https:\/\/plataformanoticias.mx\/?p=81438","title":{"rendered":"Realizan autoridades ceremonia c\u00edvica por el 212 aniversario del inicio del movimiento de Independencia de M\u00e9xico."},"content":{"rendered":"\n<p><strong><em>*<\/em><\/strong><strong><em>El<\/em><\/strong><strong><em>&nbsp;evento estuvo presidido por el&nbsp;<\/em><\/strong><strong><em>Alcalde<\/em><\/strong><strong><em>&nbsp;Gerardo Vargas Landeros y su esposa M\u00f3nica Torres de Vargas, Presidenta del Sistema para el Desarrollo Integral de la Familia DIF Ahome\u2026<\/em><\/strong><\/p>\n\n\n\n<p><strong>Los Mochis,\u00a0Ahome, Sinaloa.-\u00a0<\/strong>Autoridades municipales, civiles, educativas, militares y ciudadanos,\u00a0realizaron ceremonia c\u00edvica\u00a0y honores a la Bandera en la explanada de palacio municipal, como parte del programa de celebraci\u00f3n del 212 aniversario del inicio del proceso de Independencia de M\u00e9xico\u00a0y del tradicional Grito de Independencia.<\/p>\n\n\n\n<p>El emotivo evento estuvo presidido por el\u00a0Alcalde\u00a0Gerardo Vargas Landeros y su esposa M\u00f3nica Torres de Vargas, Presidenta del Sistema DIF Ahome, as\u00ed como mandos militares y policiacos, funcionarios, regidores y ciudadanos, entre ellos el comandante del 89 Batall\u00f3n de Infanter\u00eda de la SEDENA, Rogelio Carrera S\u00e1mano, as\u00ed como el diputado local C\u00e9sar Guerrero, entre otros invitados especiales.<img loading=\"lazy\" decoding=\"async\" width=\"1280\" height=\"853\" class=\"wp-image-81440\" style=\"width: 650px\" src=\"https:\/\/plataformanoticias.mx\/wp-content\/uploads\/2022\/09\/AE08EEE1-7469-4F8A-A3A0-E8AFF6F12532.jpeg\" alt=\"\" srcset=\"https:\/\/plataformanoticias.mx\/wp-content\/uploads\/2022\/09\/AE08EEE1-7469-4F8A-A3A0-E8AFF6F12532.jpeg 1280w, https:\/\/plataformanoticias.mx\/wp-content\/uploads\/2022\/09\/AE08EEE1-7469-4F8A-A3A0-E8AFF6F12532-300x200.jpeg 300w, https:\/\/plataformanoticias.mx\/wp-content\/uploads\/2022\/09\/AE08EEE1-7469-4F8A-A3A0-E8AFF6F12532-1024x682.jpeg 1024w, https:\/\/plataformanoticias.mx\/wp-content\/uploads\/2022\/09\/AE08EEE1-7469-4F8A-A3A0-E8AFF6F12532-768x512.jpeg 768w\" sizes=\"auto, (max-width: 1280px) 100vw, 1280px\" \/><\/p>\n\n\n\n<p>Correspondi\u00f3 a la&nbsp;titular de la&nbsp;Secretar\u00eda de Las Mujeres del Ayuntamiento de Ahome, Mar\u00eda Magdalena Rocha Pe\u00f1a, emitir el mensaje oficial.&nbsp;<\/p>\n\n\n\n<p>\u201cEse mundo por el que lucharon las y los independentistas, hace m\u00e1s de 200 a\u00f1os, hoy est\u00e1 viendo la luz: la lucha por&nbsp;la&nbsp;igualdad&nbsp;y&nbsp;los derechos de todas y todos\u201d, expres\u00f3 la funcionaria.<\/p>\n\n\n\n<p>Dijo que este y todos los d\u00edas&nbsp;se deben honrar&nbsp;los ideales&nbsp;delibertad&nbsp;e independencia, y hacer&nbsp;nuestro&nbsp;el esp\u00edritu de patriotismo y nacionalismo.<\/p>\n\n\n\n<p>\u201cPorque sin libertad no hay democracia:\u00a0vivan los\u00a0idealesindependentistas,\u00a0viva\u00a0M\u00e9xico\u201d, manifest\u00f3 Rocha Pe\u00f1a.<img loading=\"lazy\" decoding=\"async\" width=\"1280\" height=\"853\" class=\"wp-image-81441\" style=\"width: 650px\" src=\"https:\/\/plataformanoticias.mx\/wp-content\/uploads\/2022\/09\/3C8754F3-C5C5-4A86-9588-F0A47381DAA8.jpeg\" alt=\"\" srcset=\"https:\/\/plataformanoticias.mx\/wp-content\/uploads\/2022\/09\/3C8754F3-C5C5-4A86-9588-F0A47381DAA8.jpeg 1280w, https:\/\/plataformanoticias.mx\/wp-content\/uploads\/2022\/09\/3C8754F3-C5C5-4A86-9588-F0A47381DAA8-300x200.jpeg 300w, https:\/\/plataformanoticias.mx\/wp-content\/uploads\/2022\/09\/3C8754F3-C5C5-4A86-9588-F0A47381DAA8-1024x682.jpeg 1024w, https:\/\/plataformanoticias.mx\/wp-content\/uploads\/2022\/09\/3C8754F3-C5C5-4A86-9588-F0A47381DAA8-768x512.jpeg 768w\" sizes=\"auto, (max-width: 1280px) 100vw, 1280px\" \/><\/p>\n\n\n\n<p>La ceremonia c\u00edvica estuvo engalanada con la Banda de Guerra y Escolta del 89 Batall\u00f3n de Infanter\u00eda de la Secretar\u00eda de la Defensa Nacional (SEDENA),&nbsp;contingentes de la Guardia Nacional, Sector Naval y Secretar\u00eda de Seguridad y Protecci\u00f3n Ciudadana, entre otras corporaciones policiales invitadas, que dieron realce al evento.<\/p>\n","protected":false},"excerpt":{"rendered":"<p>*El&nbsp;evento estuvo presidido por el&nbsp;Alcalde&nbsp;Gerardo Vargas Landeros y su esposa M\u00f3nica Torres de Vargas, Presidenta del Sistema para el Desarrollo Integral de la Familia DIF Ahome\u2026 Los Mochis,\u00a0Ahome, Sinaloa.-\u00a0Autoridades municipales, civiles, educativas, militares y ciudadanos,\u00a0realizaron ceremonia c\u00edvica\u00a0y honores a la Bandera en la explanada de palacio municipal, como parte del programa de celebraci\u00f3n del 212<\/p>\n","protected":false},"author":6,"featured_media":81442,"comment_status":"closed","ping_status":"closed","sticky":false,"template":"","format":"standard","meta":{"footnotes":""},"categories":[38],"tags":[],"class_list":["post-81438","post","type-post","status-publish","format-standard","has-post-thumbnail","hentry","category-locales"],"_links":{"self":[{"href":"https:\/\/plataformanoticias.mx\/index.php?rest_route=\/wp\/v2\/posts\/81438","targetHints":{"allow":["GET"]}}],"collection":[{"href":"https:\/\/plataformanoticias.mx\/index.php?rest_route=\/wp\/v2\/posts"}],"about":[{"href":"https:\/\/plataformanoticias.mx\/index.php?rest_route=\/wp\/v2\/types\/post"}],"author":[{"embeddable":true,"href":"https:\/\/plataformanoticias.mx\/index.php?rest_route=\/wp\/v2\/users\/6"}],"replies":[{"embeddable":true,"href":"https:\/\/plataformanoticias.mx\/index.php?rest_route=%2Fwp%2Fv2%2Fcomments&post=81438"}],"version-history":[{"count":1,"href":"https:\/\/plataformanoticias.mx\/index.php?rest_route=\/wp\/v2\/posts\/81438\/revisions"}],"predecessor-version":[{"id":81443,"href":"https:\/\/plataformanoticias.mx\/index.php?rest_route=\/wp\/v2\/posts\/81438\/revisions\/81443"}],"wp:featuredmedia":[{"embeddable":true,"href":"https:\/\/plataformanoticias.mx\/index.php?rest_route=\/wp\/v2\/media\/81442"}],"wp:attachment":[{"href":"https:\/\/plataformanoticias.mx\/index.php?rest_route=%2Fwp%2Fv2%2Fmedia&parent=81438"}],"wp:term":[{"taxonomy":"category","embeddable":true,"href":"https:\/\/plataformanoticias.mx\/index.php?rest_route=%2Fwp%2Fv2%2Fcategories&post=81438"},{"taxonomy":"post_tag","embeddable":true,"href":"https:\/\/plataformanoticias.mx\/index.php?rest_route=%2Fwp%2Fv2%2Ftags&post=81438"}],"curies":[{"name":"wp","href":"https:\/\/api.w.org\/{rel}","templated":true}]}}