{"id":81476,"date":"2022-09-16T09:39:21","date_gmt":"2022-09-16T16:39:21","guid":{"rendered":"https:\/\/plataformanoticias.mx\/?p=81476"},"modified":"2022-09-16T09:39:22","modified_gmt":"2022-09-16T16:39:22","slug":"encabeza-gerardo-vargas-ceremonia-del-grito-de-independencia-junto-con-su-familia-autoridades-y-miles-de-ahomenses","status":"publish","type":"post","link":"https:\/\/plataformanoticias.mx\/?p=81476","title":{"rendered":"Encabeza Gerardo Vargas ceremonia del Grito de Independencia junto con su familia, autoridades, y miles de ahomenses."},"content":{"rendered":"\n<p><strong><em>*<\/em><\/strong><strong><em>Despu\u00e9s de un par de a\u00f1os que la ceremonia no se realizaba por la pandemia, los ciudadanos se congregaron en la plaza de Palacio Municipal para la especial fecha y disfrutaron de la tradicional Fiesta Mexicana\u2026<\/em><\/strong><\/p>\n\n\n\n<p><strong>Los Mochis,\u00a0Ahome, Sinaloa.-\u00a0<\/strong>En un ambiente de algarab\u00eda, entre luces y sonidos de\u00a0fuegos artificiales, notas\u00a0musicales de la tradicional\u00a0bandasinaloense y\u00a0mariachi, as\u00ed como\u00a0la danza folcl\u00f3rica mexicana\u00a0y\u00a0el olor\u00a0de\u00a0los antojitos\u00a0de esta tierra mexicana\u00a0y sinaloense,\u00a0el\u00a0Presidente\u00a0Municipal Gerardo Octavio Vargas Landerosjunto con\u00a0su esposa M\u00f3nica Torres de Vargas, sus\u00a0hijos,familia, e invitados especiales, emularon el tradicional Grito de Independencia,\u00a0como hace 212 a\u00f1os lo hizo el Cura\u00a0Miguel\u00a0Hidalgo\u00a0y Costilla.<\/p>\n\n\n\n<p>\u201cMexicanos:\u00a0viva la\u00a0Independencia\u00a0de\u00a0M\u00e9xico, vivan losh\u00e9roes\u00a0que nos dieron\u00a0patria, vivan los\u00a0h\u00e9roes\u00a0que nos dieronlibertad, viva Miguel Hidalgo y Costilla, viva Jos\u00e9 Mar\u00eda\u00a0Morelos y Pav\u00f3n, viva Ignacio Allende,\u00a0viva\u00a0la corregidora\u00a0Josefa\u00a0Ortiz de Dom\u00ednguez, viva Juan Aldama, viva Vicente Guerrero,\u00a0viva\u00a0el Estado\u00a0Libre de Sinaloa,\u00a0viva\u00a0el\u00a0Municipio de Ahome, viva M\u00e9xico\u201d, areng\u00f3\u00a0el Alcalde\u00a0Vargas Landeros,\u00a0ante cientos\u00a0de ciudadanos que se reunieron en la plaza de palacio municipal, para celebrar esta hist\u00f3rica fecha.<img loading=\"lazy\" decoding=\"async\" width=\"1280\" height=\"853\" class=\"wp-image-81478\" style=\"width: 650px\" src=\"https:\/\/plataformanoticias.mx\/wp-content\/uploads\/2022\/09\/D0431FB3-0D7F-47E8-B119-6C276F2B8693.jpeg\" alt=\"\" srcset=\"https:\/\/plataformanoticias.mx\/wp-content\/uploads\/2022\/09\/D0431FB3-0D7F-47E8-B119-6C276F2B8693.jpeg 1280w, https:\/\/plataformanoticias.mx\/wp-content\/uploads\/2022\/09\/D0431FB3-0D7F-47E8-B119-6C276F2B8693-300x200.jpeg 300w, https:\/\/plataformanoticias.mx\/wp-content\/uploads\/2022\/09\/D0431FB3-0D7F-47E8-B119-6C276F2B8693-1024x682.jpeg 1024w, https:\/\/plataformanoticias.mx\/wp-content\/uploads\/2022\/09\/D0431FB3-0D7F-47E8-B119-6C276F2B8693-768x512.jpeg 768w\" sizes=\"auto, (max-width: 1280px) 100vw, 1280px\" \/><\/p>\n\n\n\n<p>Como es tradici\u00f3n, el festejo incluy\u00f3 quema de castillo de fuegos artificiales, feria de juegos mec\u00e1nicos, puestos de comida tradicional mexicana y diversos atractivos que los asistentes disfrutaron hasta despu\u00e9s de la media noche, donde los ni\u00f1os y ni\u00f1as fueron los invitados especiales teniendo todo gratis.<\/p>\n\n\n\n<p>La ceremonia c\u00edvica estuvo engalanada con la participaci\u00f3n de la Escolta y Banda de Guerra de la Secretar\u00eda de la Defensa Nacional (SEDENA) del 89 Batall\u00f3n de Infanter\u00eda, quienes&nbsp;hicieron una bonita demostraci\u00f3n de su trabajo, llamando la atenci\u00f3n de las autoridades y de los asistentes al festejo.<\/p>\n\n\n\n<p>Desde temprana hora,&nbsp;se realiz\u00f3&nbsp;festival&nbsp;art\u00edstico con m\u00fasica del Mariachi Castro,&nbsp;Ballet&nbsp;Folcl\u00f3rico&nbsp;Nicte-Ha,&nbsp;j\u00f3venes cantantes que dieron realce a la celebraci\u00f3n, y un multitudinario baile con las bandas Revoluci\u00f3n y Guasave Musical, as\u00ed como los grupos Verona y 4 Sentidos, que pusieron a bailar a todo mundo.<\/p>\n\n\n\n<p>Incluso el\u00a0Alcalde, su esposa M\u00f3nica Torres e invitados, se sumaron a la algarab\u00eda bailando y disfrutando de la emotiva Fiesta Mexicana que desde hace dos o tres a\u00f1os no se celebraba de manera masiva en Palacio Municipal, debido a la pandemia.<img loading=\"lazy\" decoding=\"async\" width=\"1280\" height=\"853\" class=\"wp-image-81479\" style=\"width: 650px\" src=\"https:\/\/plataformanoticias.mx\/wp-content\/uploads\/2022\/09\/4822EC53-19AB-4EC0-8F38-F45066B24D1E.jpeg\" alt=\"\" srcset=\"https:\/\/plataformanoticias.mx\/wp-content\/uploads\/2022\/09\/4822EC53-19AB-4EC0-8F38-F45066B24D1E.jpeg 1280w, https:\/\/plataformanoticias.mx\/wp-content\/uploads\/2022\/09\/4822EC53-19AB-4EC0-8F38-F45066B24D1E-300x200.jpeg 300w, https:\/\/plataformanoticias.mx\/wp-content\/uploads\/2022\/09\/4822EC53-19AB-4EC0-8F38-F45066B24D1E-1024x682.jpeg 1024w, https:\/\/plataformanoticias.mx\/wp-content\/uploads\/2022\/09\/4822EC53-19AB-4EC0-8F38-F45066B24D1E-768x512.jpeg 768w\" sizes=\"auto, (max-width: 1280px) 100vw, 1280px\" \/><\/p>\n\n\n\n<p>A la media noche, como es tradici\u00f3n, el&nbsp;Presidente&nbsp;Gerardo Vargas acudi\u00f3 a las instalaciones de la Barandilla de la Secretar\u00eda de Seguridad y Protecci\u00f3n Ciudadana, para beneficiar a algunos de los infractores con su libertad para que disfruten con sus familias de esta especial e hist\u00f3rica fecha para todos los mexicanos.&nbsp;<\/p>\n","protected":false},"excerpt":{"rendered":"<p>*Despu\u00e9s de un par de a\u00f1os que la ceremonia no se realizaba por la pandemia, los ciudadanos se congregaron en la plaza de Palacio Municipal para la especial fecha y disfrutaron de la tradicional Fiesta Mexicana\u2026 Los Mochis,\u00a0Ahome, Sinaloa.-\u00a0En un ambiente de algarab\u00eda, entre luces y sonidos de\u00a0fuegos artificiales, notas\u00a0musicales de la tradicional\u00a0bandasinaloense y\u00a0mariachi, as\u00ed<\/p>\n","protected":false},"author":6,"featured_media":81480,"comment_status":"closed","ping_status":"closed","sticky":false,"template":"","format":"standard","meta":{"footnotes":""},"categories":[38],"tags":[],"class_list":["post-81476","post","type-post","status-publish","format-standard","has-post-thumbnail","hentry","category-locales"],"_links":{"self":[{"href":"https:\/\/plataformanoticias.mx\/index.php?rest_route=\/wp\/v2\/posts\/81476","targetHints":{"allow":["GET"]}}],"collection":[{"href":"https:\/\/plataformanoticias.mx\/index.php?rest_route=\/wp\/v2\/posts"}],"about":[{"href":"https:\/\/plataformanoticias.mx\/index.php?rest_route=\/wp\/v2\/types\/post"}],"author":[{"embeddable":true,"href":"https:\/\/plataformanoticias.mx\/index.php?rest_route=\/wp\/v2\/users\/6"}],"replies":[{"embeddable":true,"href":"https:\/\/plataformanoticias.mx\/index.php?rest_route=%2Fwp%2Fv2%2Fcomments&post=81476"}],"version-history":[{"count":1,"href":"https:\/\/plataformanoticias.mx\/index.php?rest_route=\/wp\/v2\/posts\/81476\/revisions"}],"predecessor-version":[{"id":81481,"href":"https:\/\/plataformanoticias.mx\/index.php?rest_route=\/wp\/v2\/posts\/81476\/revisions\/81481"}],"wp:featuredmedia":[{"embeddable":true,"href":"https:\/\/plataformanoticias.mx\/index.php?rest_route=\/wp\/v2\/media\/81480"}],"wp:attachment":[{"href":"https:\/\/plataformanoticias.mx\/index.php?rest_route=%2Fwp%2Fv2%2Fmedia&parent=81476"}],"wp:term":[{"taxonomy":"category","embeddable":true,"href":"https:\/\/plataformanoticias.mx\/index.php?rest_route=%2Fwp%2Fv2%2Fcategories&post=81476"},{"taxonomy":"post_tag","embeddable":true,"href":"https:\/\/plataformanoticias.mx\/index.php?rest_route=%2Fwp%2Fv2%2Ftags&post=81476"}],"curies":[{"name":"wp","href":"https:\/\/api.w.org\/{rel}","templated":true}]}}