{"id":81493,"date":"2022-09-16T19:32:05","date_gmt":"2022-09-17T02:32:05","guid":{"rendered":"https:\/\/plataformanoticias.mx\/?p=81493"},"modified":"2022-09-16T19:33:12","modified_gmt":"2022-09-17T02:33:12","slug":"conmemoran-en-ahome-el-212-aniversario-del-inicio-de-la-guerra-de-independencia","status":"publish","type":"post","link":"https:\/\/plataformanoticias.mx\/?p=81493","title":{"rendered":"Conmemoran en Ahome el 212 Aniversario del Inicio de la Guerra de Independencia."},"content":{"rendered":"\n<p><\/p>\n\n\n\n<p><\/p>\n\n\n\n<ul class=\"wp-block-list\"><li>El alcalde Gerardo Octavio Vargas Landeros encabez\u00f3 la ceremonia c\u00edvica que tuvo lugar en la explanada de Palacio Municipal\u2026<\/li><\/ul>\n\n\n\n<p>Los Mochis, Ahome, Sinaloa.- El Presidente Municipal de Ahome, C. Gerardo Octavio Vargas Landeros, encabez\u00f3 la ceremonia c\u00edvica con motivo del 212 Aniversario del Inicio de la Guerra de Independencia.<\/p>\n\n\n\n<p>El alcalde fue acompa\u00f1ado de autoridades civiles y militares, quienes se dieron cita en la explanada de Palacio Municipal para conmemorar tan importante fecha para los mexicanos.<\/p>\n\n\n\n<p>Claudia Canto Hern\u00e1ndez, Secretaria de Bienestar, record\u00f3 que este levantamiento en armas es lo que le dio la Independencia al pueblo de M\u00e9xico, poniendo fin al dominio espa\u00f1ol en la mayor parte del territorio.<img loading=\"lazy\" decoding=\"async\" width=\"1280\" height=\"853\" class=\"wp-image-81497\" style=\"width: 650px\" src=\"https:\/\/plataformanoticias.mx\/wp-content\/uploads\/2022\/09\/930E514C-88A1-4838-928B-E2D3BFDBFD23.jpeg\" alt=\"\" srcset=\"https:\/\/plataformanoticias.mx\/wp-content\/uploads\/2022\/09\/930E514C-88A1-4838-928B-E2D3BFDBFD23.jpeg 1280w, https:\/\/plataformanoticias.mx\/wp-content\/uploads\/2022\/09\/930E514C-88A1-4838-928B-E2D3BFDBFD23-300x200.jpeg 300w, https:\/\/plataformanoticias.mx\/wp-content\/uploads\/2022\/09\/930E514C-88A1-4838-928B-E2D3BFDBFD23-1024x682.jpeg 1024w, https:\/\/plataformanoticias.mx\/wp-content\/uploads\/2022\/09\/930E514C-88A1-4838-928B-E2D3BFDBFD23-768x512.jpeg 768w\" sizes=\"auto, (max-width: 1280px) 100vw, 1280px\" \/><\/p>\n\n\n\n<p>\u201cEste conflicto se extendi\u00f3 por m\u00e1s de 10 a\u00f1os, hasta su fin el 27 de septiembre de 1821, fecha en la que hist\u00f3ricamente se reconoce la liberaci\u00f3n del pueblo mexicano de la corona espa\u00f1ola\u201d, expres\u00f3 Canto Hern\u00e1ndez.<\/p>\n\n\n\n<p>Agreg\u00f3 que esto fue el inicio del camino que recorrer\u00eda el pa\u00eds para lograr una igualdad de derechos para todas y todos los mexicanos, siendo, desde entonces, una tradici\u00f3n que se celebra con alegr\u00eda.<\/p>\n","protected":false},"excerpt":{"rendered":"<p>El alcalde Gerardo Octavio Vargas Landeros encabez\u00f3 la ceremonia c\u00edvica que tuvo lugar en la explanada de Palacio Municipal\u2026 Los Mochis, Ahome, Sinaloa.- El Presidente Municipal de Ahome, C. Gerardo Octavio Vargas Landeros, encabez\u00f3 la ceremonia c\u00edvica con motivo del 212 Aniversario del Inicio de la Guerra de Independencia. El alcalde fue acompa\u00f1ado de autoridades<\/p>\n","protected":false},"author":6,"featured_media":81491,"comment_status":"closed","ping_status":"closed","sticky":false,"template":"","format":"standard","meta":{"footnotes":""},"categories":[38],"tags":[],"class_list":["post-81493","post","type-post","status-publish","format-standard","has-post-thumbnail","hentry","category-locales"],"_links":{"self":[{"href":"https:\/\/plataformanoticias.mx\/index.php?rest_route=\/wp\/v2\/posts\/81493","targetHints":{"allow":["GET"]}}],"collection":[{"href":"https:\/\/plataformanoticias.mx\/index.php?rest_route=\/wp\/v2\/posts"}],"about":[{"href":"https:\/\/plataformanoticias.mx\/index.php?rest_route=\/wp\/v2\/types\/post"}],"author":[{"embeddable":true,"href":"https:\/\/plataformanoticias.mx\/index.php?rest_route=\/wp\/v2\/users\/6"}],"replies":[{"embeddable":true,"href":"https:\/\/plataformanoticias.mx\/index.php?rest_route=%2Fwp%2Fv2%2Fcomments&post=81493"}],"version-history":[{"count":2,"href":"https:\/\/plataformanoticias.mx\/index.php?rest_route=\/wp\/v2\/posts\/81493\/revisions"}],"predecessor-version":[{"id":81498,"href":"https:\/\/plataformanoticias.mx\/index.php?rest_route=\/wp\/v2\/posts\/81493\/revisions\/81498"}],"wp:featuredmedia":[{"embeddable":true,"href":"https:\/\/plataformanoticias.mx\/index.php?rest_route=\/wp\/v2\/media\/81491"}],"wp:attachment":[{"href":"https:\/\/plataformanoticias.mx\/index.php?rest_route=%2Fwp%2Fv2%2Fmedia&parent=81493"}],"wp:term":[{"taxonomy":"category","embeddable":true,"href":"https:\/\/plataformanoticias.mx\/index.php?rest_route=%2Fwp%2Fv2%2Fcategories&post=81493"},{"taxonomy":"post_tag","embeddable":true,"href":"https:\/\/plataformanoticias.mx\/index.php?rest_route=%2Fwp%2Fv2%2Ftags&post=81493"}],"curies":[{"name":"wp","href":"https:\/\/api.w.org\/{rel}","templated":true}]}}