{"id":81523,"date":"2022-09-17T10:54:04","date_gmt":"2022-09-17T17:54:04","guid":{"rendered":"https:\/\/plataformanoticias.mx\/?p=81523"},"modified":"2022-09-17T10:54:05","modified_gmt":"2022-09-17T17:54:05","slug":"presentan-el-sinaloa-avanzada-nacional-en-apoyo-a-marcelo-ebrard","status":"publish","type":"post","link":"https:\/\/plataformanoticias.mx\/?p=81523","title":{"rendered":"Presentan el Sinaloa \u201cAvanzada Nacional\u201d en apoyo a Marcelo Ebrard"},"content":{"rendered":"\n<p><\/p>\n\n\n\n<ul class=\"wp-block-list\"><li>El representante en Sinaloa es el exdiputado local Eleno Flores.&nbsp;<\/li><\/ul>\n\n\n\n<p><strong>Los Mochis, Sinaloa. Co<\/strong>n el objetivo de fortalecer la figura del canciller Marcelo Ebrard rumbo a la encuesta nacional de Morena para elegir candidato a la Presidencia, hoy se present\u00f3 avanzada nacional, hombres y mujeres que est\u00e1n convencidos que la mejor opci\u00f3n para continuar con la cuarta transformaci\u00f3n es Marcelo Ebrard.\u00a0<\/p>\n\n\n\n<p>As\u00ed lo dio a conocer Cristian Mata, enlace pol\u00edtico nacional de Avanzada Nacional, explic\u00f3 que es un movimiento que surgi\u00f3 hace un a\u00f1o donde hombres y mujeres libres trabajan en socializar la figura de Ebrard, una vez que el Presidente L\u00f3pez Obrador puso sobre las mesas los nombres de las corcholatas que han de ser medidos en una encuesta rumbo al 2024.&nbsp;<\/p>\n\n\n\n<p>&nbsp;\u201cSiempre&nbsp;&nbsp;ha dado resultados, vemos mucha certeza su desempe\u00f1o como funcionario p\u00fablico, cuando fue jefe de gobierno en la Ciudad de M\u00e9xico, el mejor alcalde nacional, ahora como canciller vemos su buen desempe\u00f1o, en el tema de vacunas y otras acciones que incluso no le coment\u00e9 de manera directa\u201d puntualiz\u00f3&nbsp;<\/p>\n\n\n\n<p>Por su parte el responsable de esta organizaci\u00f3n en Sinaloa, el exdiputado local Eleno Flores manifest\u00f3 que en el Estado hay muy buena aceptaci\u00f3n para El Canciller, se\u00f1al\u00f3 que se est\u00e1 haciendo un trabajo de tierra con las bases, sin la intervenci\u00f3n de los grandes pol\u00edticos o personajes ligados a Marcelo Ebrard.&nbsp;<\/p>\n\n\n\n<p>\u201c Estamos tocando la puerta de la gente, no se ocupa bardas pintadas no espectaculares para que la gente conozca a Marcelo, ya se acabaron los tiempos de los padrinos, aqu\u00ed hay voluntad para trabajar, nosotros guardamos mucho respeto en eso y no hemos tocado la puerta de funcionarios para evitar cualquier situaci\u00f3n que los ponga en riesgo su trabajo\u201d enfatiz\u00f3 el representante de Ebrard en Sinaloa.&nbsp;<\/p>\n","protected":false},"excerpt":{"rendered":"<p>El representante en Sinaloa es el exdiputado local Eleno Flores.&nbsp; Los Mochis, Sinaloa. Con el objetivo de fortalecer la figura del canciller Marcelo Ebrard rumbo a la encuesta nacional de Morena para elegir candidato a la Presidencia, hoy se present\u00f3 avanzada nacional, hombres y mujeres que est\u00e1n convencidos que la mejor opci\u00f3n para continuar con<\/p>\n","protected":false},"author":6,"featured_media":81525,"comment_status":"closed","ping_status":"closed","sticky":false,"template":"","format":"standard","meta":{"footnotes":""},"categories":[31],"tags":[],"class_list":["post-81523","post","type-post","status-publish","format-standard","has-post-thumbnail","hentry","category-politica"],"_links":{"self":[{"href":"https:\/\/plataformanoticias.mx\/index.php?rest_route=\/wp\/v2\/posts\/81523","targetHints":{"allow":["GET"]}}],"collection":[{"href":"https:\/\/plataformanoticias.mx\/index.php?rest_route=\/wp\/v2\/posts"}],"about":[{"href":"https:\/\/plataformanoticias.mx\/index.php?rest_route=\/wp\/v2\/types\/post"}],"author":[{"embeddable":true,"href":"https:\/\/plataformanoticias.mx\/index.php?rest_route=\/wp\/v2\/users\/6"}],"replies":[{"embeddable":true,"href":"https:\/\/plataformanoticias.mx\/index.php?rest_route=%2Fwp%2Fv2%2Fcomments&post=81523"}],"version-history":[{"count":1,"href":"https:\/\/plataformanoticias.mx\/index.php?rest_route=\/wp\/v2\/posts\/81523\/revisions"}],"predecessor-version":[{"id":81526,"href":"https:\/\/plataformanoticias.mx\/index.php?rest_route=\/wp\/v2\/posts\/81523\/revisions\/81526"}],"wp:featuredmedia":[{"embeddable":true,"href":"https:\/\/plataformanoticias.mx\/index.php?rest_route=\/wp\/v2\/media\/81525"}],"wp:attachment":[{"href":"https:\/\/plataformanoticias.mx\/index.php?rest_route=%2Fwp%2Fv2%2Fmedia&parent=81523"}],"wp:term":[{"taxonomy":"category","embeddable":true,"href":"https:\/\/plataformanoticias.mx\/index.php?rest_route=%2Fwp%2Fv2%2Fcategories&post=81523"},{"taxonomy":"post_tag","embeddable":true,"href":"https:\/\/plataformanoticias.mx\/index.php?rest_route=%2Fwp%2Fv2%2Ftags&post=81523"}],"curies":[{"name":"wp","href":"https:\/\/api.w.org\/{rel}","templated":true}]}}