{"id":81528,"date":"2022-09-19T10:59:58","date_gmt":"2022-09-19T17:59:58","guid":{"rendered":"https:\/\/plataformanoticias.mx\/?p=81528"},"modified":"2022-09-19T11:00:00","modified_gmt":"2022-09-19T18:00:00","slug":"autoridades-municipales-conmemoran-el-dia-nacional-de-proteccion-civil","status":"publish","type":"post","link":"https:\/\/plataformanoticias.mx\/?p=81528","title":{"rendered":"Autoridades municipales conmemoran el D\u00eda Nacional de Protecci\u00f3n Civil."},"content":{"rendered":"\n<p>*El Coordinador de Protecci\u00f3n Civil en Ahome reconoci\u00f3 que es importante que las autoridades est\u00e9n preparadas para alertar a la ciudadan\u00eda sobre los peligros y riesgos que se pueden presentar ante los desastres naturales\u2026<\/p>\n\n\n\n<p>Los Mochis, Ahome, Sinaloa.- Con Izamiento de Bandera a media asta, y Honores del L\u00e1baro Patrio, autoridades municipales, fuerzas armadas y sociedad civil, conmemoraron los sismos de 1985 y 2017.<\/p>\n\n\n\n<p>El evento, el cual fue encabezado por el Presidente Municipal de Ahome, C. Gerardo Octavio Vargas Landeros, tuvo lugar en la Plaza C\u00edvica de Palacio Municipal.<\/p>\n\n\n\n<p>El Teniente Mario Cosme Gallardo, titular del a Coordinaci\u00f3n de Protecci\u00f3n Civil en Ahome, record\u00f3 que fue el 19 de septiembre de 1985, 07:19 horas, que en la Ciudad de M\u00e9xico se registr\u00f3 un terremoto de 8.1 grados en la escala de Richter, que dur\u00f3 90 segundos y provoc\u00f3 una de las peores cat\u00e1strofes en la historia del pa\u00eds.<\/p>\n\n\n\n<p>\u201cEn momentos de emergencia nacional nada es m\u00e1s importante que ayudar al desprotegido, que rescatar al que a\u00fan tiene vida y puede recuperarse, los ciudadanos siempre ponen el coraz\u00f3n en esos momentos de calamidades provocados por terremotos, huracanes, incendios, derrumbes, deslaves, desbordamiento de r\u00edos y presas\u201d, expres\u00f3 Cosme Gallardo.<img loading=\"lazy\" decoding=\"async\" width=\"1280\" height=\"853\" class=\"wp-image-81531\" style=\"width: 650px\" src=\"https:\/\/plataformanoticias.mx\/wp-content\/uploads\/2022\/09\/e9f82720-e161-4db9-b28e-3a3cf035ddaa.jpg\" alt=\"\" srcset=\"https:\/\/plataformanoticias.mx\/wp-content\/uploads\/2022\/09\/e9f82720-e161-4db9-b28e-3a3cf035ddaa.jpg 1280w, https:\/\/plataformanoticias.mx\/wp-content\/uploads\/2022\/09\/e9f82720-e161-4db9-b28e-3a3cf035ddaa-300x200.jpg 300w, https:\/\/plataformanoticias.mx\/wp-content\/uploads\/2022\/09\/e9f82720-e161-4db9-b28e-3a3cf035ddaa-1024x682.jpg 1024w, https:\/\/plataformanoticias.mx\/wp-content\/uploads\/2022\/09\/e9f82720-e161-4db9-b28e-3a3cf035ddaa-768x512.jpg 768w\" sizes=\"auto, (max-width: 1280px) 100vw, 1280px\" \/><\/p>\n\n\n\n<p>El Coordinador de Protecci\u00f3n Civil explic\u00f3 la importante de que las autoridades est\u00e9n prevenidas para alertar a la ciudadan\u00eda sobre los peligros y riesgos que se puedan presentar ante los desastres naturales.<\/p>\n\n\n\n<p>Agreg\u00f3 que el Ayuntamiento de Ahome, a trav\u00e9s del \u00e1rea a su cargo, se ha empe\u00f1ado en consolidar la cultura de la prevenci\u00f3n de desastres, para que cada d\u00eda se fortalezca la conciencia social en esa materia, es por ello que hoy, lunes 19 de  septiembre, a las 11:19 horas, se invita a todos los sectores de la sociedad a realizar el Simulacro Nacional para estar alerta de lo que se puede hacer en caso de un sismo.<\/p>\n","protected":false},"excerpt":{"rendered":"<p>*El Coordinador de Protecci\u00f3n Civil en Ahome reconoci\u00f3 que es importante que las autoridades est\u00e9n preparadas para alertar a la ciudadan\u00eda sobre los peligros y riesgos que se pueden presentar ante los desastres naturales\u2026 Los Mochis, Ahome, Sinaloa.- Con Izamiento de Bandera a media asta, y Honores del L\u00e1baro Patrio, autoridades municipales, fuerzas armadas y<\/p>\n","protected":false},"author":6,"featured_media":81530,"comment_status":"closed","ping_status":"closed","sticky":false,"template":"","format":"standard","meta":{"footnotes":""},"categories":[38],"tags":[],"class_list":["post-81528","post","type-post","status-publish","format-standard","has-post-thumbnail","hentry","category-locales"],"_links":{"self":[{"href":"https:\/\/plataformanoticias.mx\/index.php?rest_route=\/wp\/v2\/posts\/81528","targetHints":{"allow":["GET"]}}],"collection":[{"href":"https:\/\/plataformanoticias.mx\/index.php?rest_route=\/wp\/v2\/posts"}],"about":[{"href":"https:\/\/plataformanoticias.mx\/index.php?rest_route=\/wp\/v2\/types\/post"}],"author":[{"embeddable":true,"href":"https:\/\/plataformanoticias.mx\/index.php?rest_route=\/wp\/v2\/users\/6"}],"replies":[{"embeddable":true,"href":"https:\/\/plataformanoticias.mx\/index.php?rest_route=%2Fwp%2Fv2%2Fcomments&post=81528"}],"version-history":[{"count":1,"href":"https:\/\/plataformanoticias.mx\/index.php?rest_route=\/wp\/v2\/posts\/81528\/revisions"}],"predecessor-version":[{"id":81532,"href":"https:\/\/plataformanoticias.mx\/index.php?rest_route=\/wp\/v2\/posts\/81528\/revisions\/81532"}],"wp:featuredmedia":[{"embeddable":true,"href":"https:\/\/plataformanoticias.mx\/index.php?rest_route=\/wp\/v2\/media\/81530"}],"wp:attachment":[{"href":"https:\/\/plataformanoticias.mx\/index.php?rest_route=%2Fwp%2Fv2%2Fmedia&parent=81528"}],"wp:term":[{"taxonomy":"category","embeddable":true,"href":"https:\/\/plataformanoticias.mx\/index.php?rest_route=%2Fwp%2Fv2%2Fcategories&post=81528"},{"taxonomy":"post_tag","embeddable":true,"href":"https:\/\/plataformanoticias.mx\/index.php?rest_route=%2Fwp%2Fv2%2Ftags&post=81528"}],"curies":[{"name":"wp","href":"https:\/\/api.w.org\/{rel}","templated":true}]}}