{"id":81550,"date":"2022-09-19T13:27:41","date_gmt":"2022-09-19T20:27:41","guid":{"rendered":"https:\/\/plataformanoticias.mx\/?p=81550"},"modified":"2022-09-19T13:27:42","modified_gmt":"2022-09-19T20:27:42","slug":"emprenden-busqueda-de-menores-no-inscritos-en-el-registro-civil","status":"publish","type":"post","link":"https:\/\/plataformanoticias.mx\/?p=81550","title":{"rendered":"Emprenden b\u00fasqueda de menores no inscritos en el Registro Civil"},"content":{"rendered":"\n<p><\/p>\n\n\n\n<p>El alcalde Mart\u00edn Ahumada Quintero destaca que se colaborar\u00e1 a trav\u00e9s de la Coordinaci\u00f3n de Sindicaturas y Comisar\u00edas y de la Procuradur\u00eda de Protecci\u00f3n de Ni\u00f1as, Ni\u00f1os y Adolescentes<\/p>\n\n\n\n<p>El alcalde Mart\u00edn Ahumada Quintero, se reuni\u00f3 con oficiales del Registro Civil, quienes, por indicaciones del gobierno del estado, emprenden un programa de regularizaci\u00f3n de registros de nacimientos en sindicaturas y comisar\u00edas.<br> Vamos a impulsar este programa para que la poblaci\u00f3n acuda, se puede salir a comunidades a promocionar esta actividad, les dijo el alcalde a los funcionarios del gobierno del estado.<br> Esta actividad que se emprender\u00e1 en todo el municipio, es promovida por el Registro Nacional de Poblaci\u00f3n (RENAPO), y es apoyada por el gobierno del estado, con el fin de documentar los nacimientos de ni\u00f1as y ni\u00f1os.<br> D\u00e1maris Osuna, oficial del Registro Civil en Guasave, quien estuvo acompa\u00f1ada de varios de los titulares de las oficinas que est\u00e1n instaladas en el municipio, se\u00f1al\u00f3 que se buscar\u00e1 a todo ni\u00f1o o ni\u00f1a que no tenga su registro de nacimiento, para ello estar\u00e1n coordinados con el \u00e1rea de Sindicaturas y Comisar\u00edas y de la Procuradur\u00eda de Protecci\u00f3n de Ni\u00f1as, Ni\u00f1os y Adolescentes del Sistema DIF Guasave.<br> La regularizaci\u00f3n intenta que todos los menores tengan sus registros y actas de nacimiento, pues son documentos b\u00e1sicos para realizar tr\u00e1mites legales en guarder\u00edas, instituciones escolares o registro ante el Seguro Social.<img loading=\"lazy\" decoding=\"async\" width=\"1280\" height=\"853\" class=\"wp-image-81552\" style=\"width: 650px\" src=\"https:\/\/plataformanoticias.mx\/wp-content\/uploads\/2022\/09\/9939E08D-2AAC-4A73-85F1-E232EFF22E1A.jpeg\" alt=\"\" srcset=\"https:\/\/plataformanoticias.mx\/wp-content\/uploads\/2022\/09\/9939E08D-2AAC-4A73-85F1-E232EFF22E1A.jpeg 1280w, https:\/\/plataformanoticias.mx\/wp-content\/uploads\/2022\/09\/9939E08D-2AAC-4A73-85F1-E232EFF22E1A-300x200.jpeg 300w, https:\/\/plataformanoticias.mx\/wp-content\/uploads\/2022\/09\/9939E08D-2AAC-4A73-85F1-E232EFF22E1A-1024x682.jpeg 1024w, https:\/\/plataformanoticias.mx\/wp-content\/uploads\/2022\/09\/9939E08D-2AAC-4A73-85F1-E232EFF22E1A-768x512.jpeg 768w\" sizes=\"auto, (max-width: 1280px) 100vw, 1280px\" \/><br> Se destaca que es inter\u00e9s del RENAPO, de la direcci\u00f3n general de Registro Civil en Sinaloa y del gobernador Rub\u00e9n Rocha Moya, tener el registro de todos los menores, pues ellos tienen derecho de identidad.<br> Los trabajos de b\u00fasqueda y promoci\u00f3n de registro se iniciaron desde el 15 de septiembre.<br> En la reuni\u00f3n tambi\u00e9n estuvieron el Procurador de Protecci\u00f3n de Ni\u00f1as, Ni\u00f1os y Adolescentes, Benito Bon Montoya y el coordinador de Sindicaturas y Comisar\u00edas, Ram\u00f3n Gelacio Gonz\u00e1lez, quienes estar\u00e1n impulsando el programa desde sus \u00e1reas de gobierno.<\/p>\n","protected":false},"excerpt":{"rendered":"<p>El alcalde Mart\u00edn Ahumada Quintero destaca que se colaborar\u00e1 a trav\u00e9s de la Coordinaci\u00f3n de Sindicaturas y Comisar\u00edas y de la Procuradur\u00eda de Protecci\u00f3n de Ni\u00f1as, Ni\u00f1os y Adolescentes El alcalde Mart\u00edn Ahumada Quintero, se reuni\u00f3 con oficiales del Registro Civil, quienes, por indicaciones del gobierno del estado, emprenden un programa de regularizaci\u00f3n de registros<\/p>\n","protected":false},"author":6,"featured_media":81553,"comment_status":"closed","ping_status":"closed","sticky":false,"template":"","format":"standard","meta":{"footnotes":""},"categories":[27],"tags":[],"class_list":["post-81550","post","type-post","status-publish","format-standard","has-post-thumbnail","hentry","category-norte"],"_links":{"self":[{"href":"https:\/\/plataformanoticias.mx\/index.php?rest_route=\/wp\/v2\/posts\/81550","targetHints":{"allow":["GET"]}}],"collection":[{"href":"https:\/\/plataformanoticias.mx\/index.php?rest_route=\/wp\/v2\/posts"}],"about":[{"href":"https:\/\/plataformanoticias.mx\/index.php?rest_route=\/wp\/v2\/types\/post"}],"author":[{"embeddable":true,"href":"https:\/\/plataformanoticias.mx\/index.php?rest_route=\/wp\/v2\/users\/6"}],"replies":[{"embeddable":true,"href":"https:\/\/plataformanoticias.mx\/index.php?rest_route=%2Fwp%2Fv2%2Fcomments&post=81550"}],"version-history":[{"count":1,"href":"https:\/\/plataformanoticias.mx\/index.php?rest_route=\/wp\/v2\/posts\/81550\/revisions"}],"predecessor-version":[{"id":81554,"href":"https:\/\/plataformanoticias.mx\/index.php?rest_route=\/wp\/v2\/posts\/81550\/revisions\/81554"}],"wp:featuredmedia":[{"embeddable":true,"href":"https:\/\/plataformanoticias.mx\/index.php?rest_route=\/wp\/v2\/media\/81553"}],"wp:attachment":[{"href":"https:\/\/plataformanoticias.mx\/index.php?rest_route=%2Fwp%2Fv2%2Fmedia&parent=81550"}],"wp:term":[{"taxonomy":"category","embeddable":true,"href":"https:\/\/plataformanoticias.mx\/index.php?rest_route=%2Fwp%2Fv2%2Fcategories&post=81550"},{"taxonomy":"post_tag","embeddable":true,"href":"https:\/\/plataformanoticias.mx\/index.php?rest_route=%2Fwp%2Fv2%2Ftags&post=81550"}],"curies":[{"name":"wp","href":"https:\/\/api.w.org\/{rel}","templated":true}]}}