{"id":81560,"date":"2022-09-19T13:53:39","date_gmt":"2022-09-19T20:53:39","guid":{"rendered":"https:\/\/plataformanoticias.mx\/?p=81560"},"modified":"2022-09-19T13:53:41","modified_gmt":"2022-09-19T20:53:41","slug":"intercamaral-los-mochis-entrega-en-donativo-13-guitarras-a-ninas-y-ninos-pannasir","status":"publish","type":"post","link":"https:\/\/plataformanoticias.mx\/?p=81560","title":{"rendered":"Intercamaral Los Mochis entrega en donativo 13 guitarras a ni\u00f1as y ni\u00f1os PANNASIR."},"content":{"rendered":"\n<p><strong>Durante el evento,&nbsp;<\/strong><strong>se informa&nbsp;<\/strong><strong>del proyecto&nbsp;<\/strong><strong>de contar en breve con la rondalla o estudiantina del Sistema DIF Ahome.<\/strong><\/p>\n\n\n\n<p>Los Mochis Sin.- Empresarios que integran las diferentes c\u00e1maras y organismos del sector privado en esta ciudad, entregaron este d\u00eda 13 guitarras que servir\u00e1n para las nuevas clases de m\u00fasica que se impartir\u00e1n\u00a0a\u00a0los beneficiados del Programa de Atenci\u00f3n a Ni\u00f1as, Ni\u00f1os y Adolescentes en Situaci\u00f3n en Riesgo.<\/p>\n\n\n\n<p>Durante el emotivo evento, Fernanda Garc\u00eda F\u00e9lix explic\u00f3 el inter\u00e9s que existe entre quienes se encuentran inscritos en\u00a0PANNASIR\u00a0de\u00a0recibir\u00a0en breve\u00a0instrucci\u00f3n musical,\u00a0adem\u00e1s de las actividades acad\u00e9micas en las que participan cada semana.<img loading=\"lazy\" decoding=\"async\" width=\"1280\" height=\"853\" class=\"wp-image-81563\" style=\"width: 650px\" src=\"https:\/\/plataformanoticias.mx\/wp-content\/uploads\/2022\/09\/5C9CE06B-C3AB-4414-B3B9-5D2A13BF473A.jpeg\" alt=\"\" srcset=\"https:\/\/plataformanoticias.mx\/wp-content\/uploads\/2022\/09\/5C9CE06B-C3AB-4414-B3B9-5D2A13BF473A.jpeg 1280w, https:\/\/plataformanoticias.mx\/wp-content\/uploads\/2022\/09\/5C9CE06B-C3AB-4414-B3B9-5D2A13BF473A-300x200.jpeg 300w, https:\/\/plataformanoticias.mx\/wp-content\/uploads\/2022\/09\/5C9CE06B-C3AB-4414-B3B9-5D2A13BF473A-1024x682.jpeg 1024w, https:\/\/plataformanoticias.mx\/wp-content\/uploads\/2022\/09\/5C9CE06B-C3AB-4414-B3B9-5D2A13BF473A-768x512.jpeg 768w\" sizes=\"auto, (max-width: 1280px) 100vw, 1280px\" \/><\/p>\n\n\n\n<p>\u201c<em>C<\/em><em>omentaron que quer\u00edan aprender guitarra, nos dimos cuenta que es una forma de canalizar emociones, unos tambi\u00e9n pidieron pintura,&nbsp;<\/em><em>otro<\/em><em>s ajedrez<\/em><em>, as\u00ed que encontramos que era una excelente terapia ocupacional<\/em>\u201d puntualiz\u00f3 la Directora del Sistema DIF Ahome.<\/p>\n\n\n\n<p>Al referirse a la oportunidad de vida que tendr\u00e1n quienes aprendan a tocar guitarra gracias al donativo de la&nbsp;Intercamaral&nbsp;Los Mochis, Bernardo C\u00e1rdenas&nbsp;Soto&nbsp;Srio.&nbsp;de Econom\u00eda en el municipio, quien tuvo a su cargo esta gesti\u00f3n, se refiri\u00f3 a la posibilidad de que DIF a nivel&nbsp;local cuente&nbsp;con una rondalla&nbsp;o estudiantina.<\/p>\n\n\n\n<p>\u201c<em>Es una semilla que estamos aportando a este programa,\u00a0la intenci\u00f3n es que m\u00e1s adelante se tenga una escuela de m\u00fasica,\u00a0sabemos\u00a0de los beneficios que tienen\u00a0quienes logran dominar un instrumento, esto se puede convertir incluso en su futura profesi\u00f3n<\/em>\u201d recalc\u00f3 el funcionario.\u00a0<img loading=\"lazy\" decoding=\"async\" width=\"1280\" height=\"853\" class=\"wp-image-81562\" style=\"width: 650px\" src=\"https:\/\/plataformanoticias.mx\/wp-content\/uploads\/2022\/09\/B4525C61-4898-4998-9705-BE3524091126.jpeg\" alt=\"\" srcset=\"https:\/\/plataformanoticias.mx\/wp-content\/uploads\/2022\/09\/B4525C61-4898-4998-9705-BE3524091126.jpeg 1280w, https:\/\/plataformanoticias.mx\/wp-content\/uploads\/2022\/09\/B4525C61-4898-4998-9705-BE3524091126-300x200.jpeg 300w, https:\/\/plataformanoticias.mx\/wp-content\/uploads\/2022\/09\/B4525C61-4898-4998-9705-BE3524091126-1024x682.jpeg 1024w, https:\/\/plataformanoticias.mx\/wp-content\/uploads\/2022\/09\/B4525C61-4898-4998-9705-BE3524091126-768x512.jpeg 768w\" sizes=\"auto, (max-width: 1280px) 100vw, 1280px\" \/><\/p>\n\n\n\n<p>A nombre del sector empresarial, H\u00e9ctor Ibarra Flores dijo que \u201c<em>es una gran satisfacci\u00f3n aportar para que ni\u00f1as y ni\u00f1os den sus primeros pasos en la&nbsp;<\/em><em>m\u00fasica\u201d&nbsp;<\/em>agreg\u00f3 que&nbsp;\u201c<em>contribuir a esta causa es regresar&nbsp;<\/em><em>a la comunidad&nbsp;<\/em><em>parte de lo que<\/em><em>&nbsp;<\/em><em>se<\/em><em>recib<\/em><em>e<\/em>\u201d.<\/p>\n\n\n\n<p>Entre quienes&nbsp;dieron su apoyo&nbsp;se encuentran: CANACO, CANACINTRA, CANIRAC,&nbsp;COPARMEX, CMIC,&nbsp;Asoc.&nbsp;de Hoteles y Moteles, Ejecutivos de Venta,&nbsp;Asoc. de Agricultores del Rio Fuerte Sur, AMMJE, AMPI&nbsp;as\u00ed&nbsp;como &nbsp;Asoc. de Gasolineros.<\/p>\n","protected":false},"excerpt":{"rendered":"<p>Durante el evento,&nbsp;se informa&nbsp;del proyecto&nbsp;de contar en breve con la rondalla o estudiantina del Sistema DIF Ahome. Los Mochis Sin.- Empresarios que integran las diferentes c\u00e1maras y organismos del sector privado en esta ciudad, entregaron este d\u00eda 13 guitarras que servir\u00e1n para las nuevas clases de m\u00fasica que se impartir\u00e1n\u00a0a\u00a0los beneficiados del Programa de Atenci\u00f3n<\/p>\n","protected":false},"author":6,"featured_media":81564,"comment_status":"closed","ping_status":"closed","sticky":false,"template":"","format":"standard","meta":{"footnotes":""},"categories":[38],"tags":[],"class_list":["post-81560","post","type-post","status-publish","format-standard","has-post-thumbnail","hentry","category-locales"],"_links":{"self":[{"href":"https:\/\/plataformanoticias.mx\/index.php?rest_route=\/wp\/v2\/posts\/81560","targetHints":{"allow":["GET"]}}],"collection":[{"href":"https:\/\/plataformanoticias.mx\/index.php?rest_route=\/wp\/v2\/posts"}],"about":[{"href":"https:\/\/plataformanoticias.mx\/index.php?rest_route=\/wp\/v2\/types\/post"}],"author":[{"embeddable":true,"href":"https:\/\/plataformanoticias.mx\/index.php?rest_route=\/wp\/v2\/users\/6"}],"replies":[{"embeddable":true,"href":"https:\/\/plataformanoticias.mx\/index.php?rest_route=%2Fwp%2Fv2%2Fcomments&post=81560"}],"version-history":[{"count":1,"href":"https:\/\/plataformanoticias.mx\/index.php?rest_route=\/wp\/v2\/posts\/81560\/revisions"}],"predecessor-version":[{"id":81565,"href":"https:\/\/plataformanoticias.mx\/index.php?rest_route=\/wp\/v2\/posts\/81560\/revisions\/81565"}],"wp:featuredmedia":[{"embeddable":true,"href":"https:\/\/plataformanoticias.mx\/index.php?rest_route=\/wp\/v2\/media\/81564"}],"wp:attachment":[{"href":"https:\/\/plataformanoticias.mx\/index.php?rest_route=%2Fwp%2Fv2%2Fmedia&parent=81560"}],"wp:term":[{"taxonomy":"category","embeddable":true,"href":"https:\/\/plataformanoticias.mx\/index.php?rest_route=%2Fwp%2Fv2%2Fcategories&post=81560"},{"taxonomy":"post_tag","embeddable":true,"href":"https:\/\/plataformanoticias.mx\/index.php?rest_route=%2Fwp%2Fv2%2Ftags&post=81560"}],"curies":[{"name":"wp","href":"https:\/\/api.w.org\/{rel}","templated":true}]}}